{"id":11450,"date":"2023-09-20T20:56:41","date_gmt":"2023-09-20T20:56:41","guid":{"rendered":"https:\/\/bilis.sk\/?p=11450"},"modified":"2023-10-05T17:41:35","modified_gmt":"2023-10-05T17:41:35","slug":"fakty-a-myty-o-dvojjazycnosti-deti","status":"publish","type":"post","link":"https:\/\/bilis.sk\/en\/fakty-a-myty-o-dvojjazycnosti-deti\/","title":{"rendered":"Facts and Myths about Children's Bilingualism"},"content":{"rendered":"<p>Many children around the world grow up in a bilingual environment. Parents often ask about the benefits and risks of bilingualism at an early age and how best to support the language development of their children.<\/p>\n<p>Based on scientific findings, we offer answers to several basic questions:<\/p>\n<ul>\n<li>There are myths about bilingualism - some even claim that we should not expose children to two languages. However, actual scientific views recommend bilingual upbringing.<\/li>\n<li>Bilingualism is the ability to use two languages in everyday life and is an increasingly common phenomenon worldwide.<\/li>\n<li>Although bilingualism is widespread, surprisingly little research has been conducted on this topic, especially in the area of language development of infants and toddlers.<\/li>\n<\/ul>\n<p>Frequently asked questions include:<\/p>\n<ul>\n<li>Do bilingual children feel confused?<\/li>\n<li>Does Bilingualism Make Children Smarter?<\/li>\n<li>Should we speak to a bilingual child in only one language?<\/li>\n<li>Is it better to start bilingualism as early as possible?<\/li>\n<\/ul>\n<p>Modern science tries to answer these and many other questions. As parents, you can be reassured that bilingual education can be enriching and beneficial for your child.<\/p>","protected":false},"excerpt":{"rendered":"<p>Mnoh\u00e9 deti po celom svete vyrastaj\u00fa v dvojjazy\u010dnom prostred\u00ed. Rodi\u010dia sa \u010dasto p\u00fdtaj\u00fa na v\u00fdhody a rizik\u00e1 dvojjazy\u010dnosti v ranom veku a ako najlep\u0161ie podpori\u0165 jazykov\u00fd v\u00fdvoj ich det\u00ed. Na z\u00e1klade vedeck\u00fdch zisten\u00ed v\u00e1m pon\u00fakame odpovede na nieko\u013eko z\u00e1kladn\u00fdch ot\u00e1zok: Existuj\u00fa m\u00fdty o dvojjazy\u010dnosti &#8211; [&hellip;]<\/p>\n","protected":false},"author":5,"featured_media":11452,"comment_status":"closed","ping_status":"closed","sticky":false,"template":"","format":"standard","meta":{"footnotes":""},"categories":[50],"tags":[],"class_list":["post-11450","post","type-post","status-publish","format-standard","has-post-thumbnail","hentry","category-studia-a-vyskum"],"yoast_head":"<!-- This site is optimized with the Yoast SEO plugin v23.3 - https:\/\/yoast.com\/wordpress\/plugins\/seo\/ -->\n<title>Fakty a m\u00fdty o dvojjazy\u010dnosti det\u00ed - BILIS<\/title>\n<meta name=\"description\" content=\"Koncept \u201ekritick\u00e9ho obdobia\u201c pre osvojenie jazyka je zn\u00e1my mnoh\u00fdm - idea, \u017ee po ur\u010ditom veku u\u017e nie sme schopn\u00ed plne ovl\u00e1dnu\u0165 nov\u00fd jazyk.\" \/>\n<meta name=\"robots\" content=\"index, follow, max-snippet:-1, max-image-preview:large, max-video-preview:-1\" \/>\n<link rel=\"canonical\" href=\"https:\/\/bilis.sk\/en\/fakty-a-myty-o-dvojjazycnosti-deti\/\" \/>\n<meta property=\"og:locale\" content=\"en_GB\" \/>\n<meta property=\"og:type\" content=\"article\" \/>\n<meta property=\"og:title\" content=\"Fakty a m\u00fdty o dvojjazy\u010dnosti det\u00ed - BILIS\" \/>\n<meta property=\"og:description\" content=\"Koncept \u201ekritick\u00e9ho obdobia\u201c pre osvojenie jazyka je zn\u00e1my mnoh\u00fdm - idea, \u017ee po ur\u010ditom veku u\u017e nie sme schopn\u00ed plne ovl\u00e1dnu\u0165 nov\u00fd jazyk.\" \/>\n<meta property=\"og:url\" content=\"https:\/\/bilis.sk\/en\/fakty-a-myty-o-dvojjazycnosti-deti\/\" \/>\n<meta property=\"og:site_name\" content=\"BILIS\" \/>\n<meta property=\"article:published_time\" content=\"2023-09-20T20:56:41+00:00\" \/>\n<meta property=\"article:modified_time\" content=\"2023-10-05T17:41:35+00:00\" \/>\n<meta property=\"og:image\" content=\"https:\/\/bilis.sk\/wp-content\/uploads\/2023\/09\/Untitled-design.jpg\" \/>\n\t<meta property=\"og:image:width\" content=\"2048\" \/>\n\t<meta property=\"og:image:height\" content=\"1073\" \/>\n\t<meta property=\"og:image:type\" content=\"image\/jpeg\" \/>\n<meta name=\"author\" content=\"zuzanadecker\" \/>\n<meta name=\"twitter:card\" content=\"summary_large_image\" \/>\n<meta name=\"twitter:label1\" content=\"Written by\" \/>\n\t<meta name=\"twitter:data1\" content=\"zuzanadecker\" \/>\n\t<meta name=\"twitter:label2\" content=\"Estimated reading time\" \/>\n\t<meta name=\"twitter:data2\" content=\"1 minute\" \/>\n<script type=\"application\/ld+json\" class=\"yoast-schema-graph\">{\"@context\":\"https:\/\/schema.org\",\"@graph\":[{\"@type\":\"Article\",\"@id\":\"https:\/\/bilis.sk\/fakty-a-myty-o-dvojjazycnosti-deti\/#article\",\"isPartOf\":{\"@id\":\"https:\/\/bilis.sk\/fakty-a-myty-o-dvojjazycnosti-deti\/\"},\"author\":{\"name\":\"zuzanadecker\",\"@id\":\"https:\/\/bilis.sk\/#\/schema\/person\/a6e61a1655f4ef62ad32d3ac2f425040\"},\"headline\":\"Fakty a m\u00fdty o dvojjazy\u010dnosti det\u00ed\",\"datePublished\":\"2023-09-20T20:56:41+00:00\",\"dateModified\":\"2023-10-05T17:41:35+00:00\",\"mainEntityOfPage\":{\"@id\":\"https:\/\/bilis.sk\/fakty-a-myty-o-dvojjazycnosti-deti\/\"},\"wordCount\":233,\"publisher\":{\"@id\":\"https:\/\/bilis.sk\/#organization\"},\"image\":{\"@id\":\"https:\/\/bilis.sk\/fakty-a-myty-o-dvojjazycnosti-deti\/#primaryimage\"},\"thumbnailUrl\":\"https:\/\/bilis.sk\/wp-content\/uploads\/2023\/09\/Untitled-design.jpg\",\"articleSection\":[\"\u0160t\u00fadia a v\u00fdskum\"],\"inLanguage\":\"en-GB\"},{\"@type\":\"WebPage\",\"@id\":\"https:\/\/bilis.sk\/fakty-a-myty-o-dvojjazycnosti-deti\/\",\"url\":\"https:\/\/bilis.sk\/fakty-a-myty-o-dvojjazycnosti-deti\/\",\"name\":\"Fakty a m\u00fdty o dvojjazy\u010dnosti det\u00ed - BILIS\",\"isPartOf\":{\"@id\":\"https:\/\/bilis.sk\/#website\"},\"primaryImageOfPage\":{\"@id\":\"https:\/\/bilis.sk\/fakty-a-myty-o-dvojjazycnosti-deti\/#primaryimage\"},\"image\":{\"@id\":\"https:\/\/bilis.sk\/fakty-a-myty-o-dvojjazycnosti-deti\/#primaryimage\"},\"thumbnailUrl\":\"https:\/\/bilis.sk\/wp-content\/uploads\/2023\/09\/Untitled-design.jpg\",\"datePublished\":\"2023-09-20T20:56:41+00:00\",\"dateModified\":\"2023-10-05T17:41:35+00:00\",\"description\":\"Koncept \u201ekritick\u00e9ho obdobia\u201c pre osvojenie jazyka je zn\u00e1my mnoh\u00fdm - idea, \u017ee po ur\u010ditom veku u\u017e nie sme schopn\u00ed plne ovl\u00e1dnu\u0165 nov\u00fd jazyk.\",\"breadcrumb\":{\"@id\":\"https:\/\/bilis.sk\/fakty-a-myty-o-dvojjazycnosti-deti\/#breadcrumb\"},\"inLanguage\":\"en-GB\",\"potentialAction\":[{\"@type\":\"ReadAction\",\"target\":[\"https:\/\/bilis.sk\/fakty-a-myty-o-dvojjazycnosti-deti\/\"]}]},{\"@type\":\"ImageObject\",\"inLanguage\":\"en-GB\",\"@id\":\"https:\/\/bilis.sk\/fakty-a-myty-o-dvojjazycnosti-deti\/#primaryimage\",\"url\":\"https:\/\/bilis.sk\/wp-content\/uploads\/2023\/09\/Untitled-design.jpg\",\"contentUrl\":\"https:\/\/bilis.sk\/wp-content\/uploads\/2023\/09\/Untitled-design.jpg\",\"width\":2048,\"height\":1073},{\"@type\":\"BreadcrumbList\",\"@id\":\"https:\/\/bilis.sk\/fakty-a-myty-o-dvojjazycnosti-deti\/#breadcrumb\",\"itemListElement\":[{\"@type\":\"ListItem\",\"position\":1,\"name\":\"Dom\u016f\",\"item\":\"https:\/\/bilis.sk\/\"},{\"@type\":\"ListItem\",\"position\":2,\"name\":\"Fakty a m\u00fdty o dvojjazy\u010dnosti det\u00ed\"}]},{\"@type\":\"WebSite\",\"@id\":\"https:\/\/bilis.sk\/#website\",\"url\":\"https:\/\/bilis.sk\/\",\"name\":\"BILIS\",\"description\":\"slovensko-anglick\u00fd program vzdel\u00e1vania od 1. triedy Z\u0160\",\"publisher\":{\"@id\":\"https:\/\/bilis.sk\/#organization\"},\"potentialAction\":[{\"@type\":\"SearchAction\",\"target\":{\"@type\":\"EntryPoint\",\"urlTemplate\":\"https:\/\/bilis.sk\/?s={search_term_string}\"},\"query-input\":\"required name=search_term_string\"}],\"inLanguage\":\"en-GB\"},{\"@type\":\"Organization\",\"@id\":\"https:\/\/bilis.sk\/#organization\",\"name\":\"BILIS\",\"url\":\"https:\/\/bilis.sk\/\",\"logo\":{\"@type\":\"ImageObject\",\"inLanguage\":\"en-GB\",\"@id\":\"https:\/\/bilis.sk\/#\/schema\/logo\/image\/\",\"url\":\"https:\/\/bilis.sk\/wp-content\/uploads\/2023\/05\/BILISZAJO-M-vpravo.png\",\"contentUrl\":\"https:\/\/bilis.sk\/wp-content\/uploads\/2023\/05\/BILISZAJO-M-vpravo.png\",\"width\":256,\"height\":143,\"caption\":\"BILIS\"},\"image\":{\"@id\":\"https:\/\/bilis.sk\/#\/schema\/logo\/image\/\"}},{\"@type\":\"Person\",\"@id\":\"https:\/\/bilis.sk\/#\/schema\/person\/a6e61a1655f4ef62ad32d3ac2f425040\",\"name\":\"zuzanadecker\",\"image\":{\"@type\":\"ImageObject\",\"inLanguage\":\"en-GB\",\"@id\":\"https:\/\/bilis.sk\/#\/schema\/person\/image\/\",\"url\":\"https:\/\/secure.gravatar.com\/avatar\/b9433a4408206db954b11cc36b0ab042553a1170b41985cc8182cc9cf31edcb5?s=96&d=mm&r=g\",\"contentUrl\":\"https:\/\/secure.gravatar.com\/avatar\/b9433a4408206db954b11cc36b0ab042553a1170b41985cc8182cc9cf31edcb5?s=96&d=mm&r=g\",\"caption\":\"zuzanadecker\"},\"url\":\"https:\/\/bilis.sk\/en\/author\/zuzanadecker\/\"}]}<\/script>\n<!-- \/ Yoast SEO plugin. -->","yoast_head_json":{"title":"Fakty a m\u00fdty o dvojjazy\u010dnosti det\u00ed - BILIS","description":"Koncept \u201ekritick\u00e9ho obdobia\u201c pre osvojenie jazyka je zn\u00e1my mnoh\u00fdm - idea, \u017ee po ur\u010ditom veku u\u017e nie sme schopn\u00ed plne ovl\u00e1dnu\u0165 nov\u00fd jazyk.","robots":{"index":"index","follow":"follow","max-snippet":"max-snippet:-1","max-image-preview":"max-image-preview:large","max-video-preview":"max-video-preview:-1"},"canonical":"https:\/\/bilis.sk\/en\/fakty-a-myty-o-dvojjazycnosti-deti\/","og_locale":"en_GB","og_type":"article","og_title":"Fakty a m\u00fdty o dvojjazy\u010dnosti det\u00ed - BILIS","og_description":"Koncept \u201ekritick\u00e9ho obdobia\u201c pre osvojenie jazyka je zn\u00e1my mnoh\u00fdm - idea, \u017ee po ur\u010ditom veku u\u017e nie sme schopn\u00ed plne ovl\u00e1dnu\u0165 nov\u00fd jazyk.","og_url":"https:\/\/bilis.sk\/en\/fakty-a-myty-o-dvojjazycnosti-deti\/","og_site_name":"BILIS","article_published_time":"2023-09-20T20:56:41+00:00","article_modified_time":"2023-10-05T17:41:35+00:00","og_image":[{"width":2048,"height":1073,"url":"https:\/\/bilis.sk\/wp-content\/uploads\/2023\/09\/Untitled-design.jpg","type":"image\/jpeg"}],"author":"zuzanadecker","twitter_card":"summary_large_image","twitter_misc":{"Written by":"zuzanadecker","Estimated reading time":"1 minute"},"schema":{"@context":"https:\/\/schema.org","@graph":[{"@type":"Article","@id":"https:\/\/bilis.sk\/fakty-a-myty-o-dvojjazycnosti-deti\/#article","isPartOf":{"@id":"https:\/\/bilis.sk\/fakty-a-myty-o-dvojjazycnosti-deti\/"},"author":{"name":"zuzanadecker","@id":"https:\/\/bilis.sk\/#\/schema\/person\/a6e61a1655f4ef62ad32d3ac2f425040"},"headline":"Fakty a m\u00fdty o dvojjazy\u010dnosti det\u00ed","datePublished":"2023-09-20T20:56:41+00:00","dateModified":"2023-10-05T17:41:35+00:00","mainEntityOfPage":{"@id":"https:\/\/bilis.sk\/fakty-a-myty-o-dvojjazycnosti-deti\/"},"wordCount":233,"publisher":{"@id":"https:\/\/bilis.sk\/#organization"},"image":{"@id":"https:\/\/bilis.sk\/fakty-a-myty-o-dvojjazycnosti-deti\/#primaryimage"},"thumbnailUrl":"https:\/\/bilis.sk\/wp-content\/uploads\/2023\/09\/Untitled-design.jpg","articleSection":["\u0160t\u00fadia a v\u00fdskum"],"inLanguage":"en-GB"},{"@type":"WebPage","@id":"https:\/\/bilis.sk\/fakty-a-myty-o-dvojjazycnosti-deti\/","url":"https:\/\/bilis.sk\/fakty-a-myty-o-dvojjazycnosti-deti\/","name":"Fakty a m\u00fdty o dvojjazy\u010dnosti det\u00ed - BILIS","isPartOf":{"@id":"https:\/\/bilis.sk\/#website"},"primaryImageOfPage":{"@id":"https:\/\/bilis.sk\/fakty-a-myty-o-dvojjazycnosti-deti\/#primaryimage"},"image":{"@id":"https:\/\/bilis.sk\/fakty-a-myty-o-dvojjazycnosti-deti\/#primaryimage"},"thumbnailUrl":"https:\/\/bilis.sk\/wp-content\/uploads\/2023\/09\/Untitled-design.jpg","datePublished":"2023-09-20T20:56:41+00:00","dateModified":"2023-10-05T17:41:35+00:00","description":"Koncept \u201ekritick\u00e9ho obdobia\u201c pre osvojenie jazyka je zn\u00e1my mnoh\u00fdm - idea, \u017ee po ur\u010ditom veku u\u017e nie sme schopn\u00ed plne ovl\u00e1dnu\u0165 nov\u00fd jazyk.","breadcrumb":{"@id":"https:\/\/bilis.sk\/fakty-a-myty-o-dvojjazycnosti-deti\/#breadcrumb"},"inLanguage":"en-GB","potentialAction":[{"@type":"ReadAction","target":["https:\/\/bilis.sk\/fakty-a-myty-o-dvojjazycnosti-deti\/"]}]},{"@type":"ImageObject","inLanguage":"en-GB","@id":"https:\/\/bilis.sk\/fakty-a-myty-o-dvojjazycnosti-deti\/#primaryimage","url":"https:\/\/bilis.sk\/wp-content\/uploads\/2023\/09\/Untitled-design.jpg","contentUrl":"https:\/\/bilis.sk\/wp-content\/uploads\/2023\/09\/Untitled-design.jpg","width":2048,"height":1073},{"@type":"BreadcrumbList","@id":"https:\/\/bilis.sk\/fakty-a-myty-o-dvojjazycnosti-deti\/#breadcrumb","itemListElement":[{"@type":"ListItem","position":1,"name":"Dom\u016f","item":"https:\/\/bilis.sk\/"},{"@type":"ListItem","position":2,"name":"Fakty a m\u00fdty o dvojjazy\u010dnosti det\u00ed"}]},{"@type":"WebSite","@id":"https:\/\/bilis.sk\/#website","url":"https:\/\/bilis.sk\/","name":"BILIS","description":"slovensko-anglick\u00fd program vzdel\u00e1vania od 1. triedy Z\u0160","publisher":{"@id":"https:\/\/bilis.sk\/#organization"},"potentialAction":[{"@type":"SearchAction","target":{"@type":"EntryPoint","urlTemplate":"https:\/\/bilis.sk\/?s={search_term_string}"},"query-input":"required name=search_term_string"}],"inLanguage":"en-GB"},{"@type":"Organization","@id":"https:\/\/bilis.sk\/#organization","name":"BILIS","url":"https:\/\/bilis.sk\/","logo":{"@type":"ImageObject","inLanguage":"en-GB","@id":"https:\/\/bilis.sk\/#\/schema\/logo\/image\/","url":"https:\/\/bilis.sk\/wp-content\/uploads\/2023\/05\/BILISZAJO-M-vpravo.png","contentUrl":"https:\/\/bilis.sk\/wp-content\/uploads\/2023\/05\/BILISZAJO-M-vpravo.png","width":256,"height":143,"caption":"BILIS"},"image":{"@id":"https:\/\/bilis.sk\/#\/schema\/logo\/image\/"}},{"@type":"Person","@id":"https:\/\/bilis.sk\/#\/schema\/person\/a6e61a1655f4ef62ad32d3ac2f425040","name":"zuzanadecker","image":{"@type":"ImageObject","inLanguage":"en-GB","@id":"https:\/\/bilis.sk\/#\/schema\/person\/image\/","url":"https:\/\/secure.gravatar.com\/avatar\/b9433a4408206db954b11cc36b0ab042553a1170b41985cc8182cc9cf31edcb5?s=96&d=mm&r=g","contentUrl":"https:\/\/secure.gravatar.com\/avatar\/b9433a4408206db954b11cc36b0ab042553a1170b41985cc8182cc9cf31edcb5?s=96&d=mm&r=g","caption":"zuzanadecker"},"url":"https:\/\/bilis.sk\/en\/author\/zuzanadecker\/"}]}},"_links":{"self":[{"href":"https:\/\/bilis.sk\/en\/wp-json\/wp\/v2\/posts\/11450","targetHints":{"allow":["GET"]}}],"collection":[{"href":"https:\/\/bilis.sk\/en\/wp-json\/wp\/v2\/posts"}],"about":[{"href":"https:\/\/bilis.sk\/en\/wp-json\/wp\/v2\/types\/post"}],"author":[{"embeddable":true,"href":"https:\/\/bilis.sk\/en\/wp-json\/wp\/v2\/users\/5"}],"replies":[{"embeddable":true,"href":"https:\/\/bilis.sk\/en\/wp-json\/wp\/v2\/comments?post=11450"}],"version-history":[{"count":1,"href":"https:\/\/bilis.sk\/en\/wp-json\/wp\/v2\/posts\/11450\/revisions"}],"predecessor-version":[{"id":11451,"href":"https:\/\/bilis.sk\/en\/wp-json\/wp\/v2\/posts\/11450\/revisions\/11451"}],"wp:featuredmedia":[{"embeddable":true,"href":"https:\/\/bilis.sk\/en\/wp-json\/wp\/v2\/media\/11452"}],"wp:attachment":[{"href":"https:\/\/bilis.sk\/en\/wp-json\/wp\/v2\/media?parent=11450"}],"wp:term":[{"taxonomy":"category","embeddable":true,"href":"https:\/\/bilis.sk\/en\/wp-json\/wp\/v2\/categories?post=11450"},{"taxonomy":"post_tag","embeddable":true,"href":"https:\/\/bilis.sk\/en\/wp-json\/wp\/v2\/tags?post=11450"}],"curies":[{"name":"wp","href":"https:\/\/api.w.org\/{rel}","templated":true}]}}